{"id":1467,"date":"2018-09-29T12:11:27","date_gmt":"2018-09-29T10:11:27","guid":{"rendered":"https:\/\/very-usefull-things.de\/?p=1467"},"modified":"2018-09-29T12:11:27","modified_gmt":"2018-09-29T10:11:27","slug":"training-am-29-09-2018-im-wald-dann-herbstferien-dann-hallensaison","status":"publish","type":"post","link":"https:\/\/very-usefull-things.de\/?p=1467","title":{"rendered":"Training am 29.09.2018 im Wald, dann Herbstferien, dann Hallensaison!"},"content":{"rendered":"<p>Das Wetter ist heute noch so sch\u00f6n, also k\u00f6nnen wir noch einmal in den Wald gehen. Dann sind Herbstferien, und es geht in der Halle weiter.<br \/>\nAm Samstag, den 20.10.2018 und dann am Mittwoch, den 24.10.2018 geht das betreute Training der Hallensaison los.<br \/>\nDa wir aber auch in den Ferien die Halle zur Verf\u00fcgung haben, k\u00f6nnen wir uns auch schon n\u00e4chsten Samstag dort treffen.  Wer Interesse hat, bitte Bescheid sagen.<br \/>\nbis dann<br \/>\nHolger  <\/p>\n","protected":false},"excerpt":{"rendered":"<p>Das Wetter ist heute noch so sch\u00f6n, also k\u00f6nnen wir noch einmal in den Wald gehen. Dann sind Herbstferien, und es geht in der Halle weiter. Am Samstag, den 20.10.2018 und dann am Mittwoch, den 24.10.2018 geht das betreute Training der Hallensaison los. Da wir aber auch in den Ferien die Halle zur Verf\u00fcgung haben, &hellip; <a href=\"https:\/\/very-usefull-things.de\/?p=1467\" class=\"more-link\"><span class=\"screen-reader-text\">\u201eTraining am 29.09.2018 im Wald, dann Herbstferien, dann Hallensaison!\u201c<\/span> weiterlesen<\/a><\/p>\n","protected":false},"author":2,"featured_media":0,"comment_status":"open","ping_status":"closed","sticky":false,"template":"","format":"standard","meta":[],"categories":[5],"tags":[],"_links":{"self":[{"href":"https:\/\/very-usefull-things.de\/index.php?rest_route=\/wp\/v2\/posts\/1467"}],"collection":[{"href":"https:\/\/very-usefull-things.de\/index.php?rest_route=\/wp\/v2\/posts"}],"about":[{"href":"https:\/\/very-usefull-things.de\/index.php?rest_route=\/wp\/v2\/types\/post"}],"author":[{"embeddable":true,"href":"https:\/\/very-usefull-things.de\/index.php?rest_route=\/wp\/v2\/users\/2"}],"replies":[{"embeddable":true,"href":"https:\/\/very-usefull-things.de\/index.php?rest_route=%2Fwp%2Fv2%2Fcomments&post=1467"}],"version-history":[{"count":1,"href":"https:\/\/very-usefull-things.de\/index.php?rest_route=\/wp\/v2\/posts\/1467\/revisions"}],"predecessor-version":[{"id":1468,"href":"https:\/\/very-usefull-things.de\/index.php?rest_route=\/wp\/v2\/posts\/1467\/revisions\/1468"}],"wp:attachment":[{"href":"https:\/\/very-usefull-things.de\/index.php?rest_route=%2Fwp%2Fv2%2Fmedia&parent=1467"}],"wp:term":[{"taxonomy":"category","embeddable":true,"href":"https:\/\/very-usefull-things.de\/index.php?rest_route=%2Fwp%2Fv2%2Fcategories&post=1467"},{"taxonomy":"post_tag","embeddable":true,"href":"https:\/\/very-usefull-things.de\/index.php?rest_route=%2Fwp%2Fv2%2Ftags&post=1467"}],"curies":[{"name":"wp","href":"https:\/\/api.w.org\/{rel}","templated":true}]}}