{"id":1440,"date":"2018-07-07T10:13:49","date_gmt":"2018-07-07T08:13:49","guid":{"rendered":"https:\/\/very-usefull-things.de\/?p=1440"},"modified":"2018-07-07T10:13:49","modified_gmt":"2018-07-07T08:13:49","slug":"training-samstag-07-07-2018-und-dann-sommerferien","status":"publish","type":"post","link":"https:\/\/very-usefull-things.de\/?p=1440","title":{"rendered":"Training Samstag 07.07.2018 &#8211; und dann Sommerferien"},"content":{"rendered":"<p>Heute ist das letzte betreute Training vor den Sommerferien. Also ab in den Wald!<br \/>\nIn den Sommerferien darf man nat\u00fcrlich auch im Wald schie\u00dfen und trainieren. Und da es zusammen mehr Spa\u00df macht, kann man sich ja verabreden. Nutzt alle Hilfmittel, die es gibt: Telefon, Whatsapp, Brieftauben, SMS, Email, pers\u00f6nliche Kontakte, kosmische Strahlung, ein Kommentar auf dieser Internetseite, usw.<br \/>\nMeine Email und Telefonnummer sollte wohl bekannt sein &#8230;<br \/>\nEin hei\u00dfer Termin-Kandiat ist wie immer der Samstag, und man kann sich nat\u00fcrlich auch schon am Vormittag oderfr\u00fchen Nachmittag verabreden, wie es grade am besten passt.<br \/>\nWeiterhin k\u00f6nnen wir auch in den Ferien am Samstag um 15.00 Uhr in die Halle gehen, da die Herrmman-Ehlers-Halle dieses Jahr nicht gesperrt ist.<br \/>\nDas n\u00e4chste offizielle Training ist dann am Samstag, den 25.08.2018, wie immer um 15.00 Uhr<br \/>\nViele Gr\u00fc\u00dfe und sch\u00f6ne Ferien,<br \/>\nHolger <\/p>\n","protected":false},"excerpt":{"rendered":"<p>Heute ist das letzte betreute Training vor den Sommerferien. Also ab in den Wald! In den Sommerferien darf man nat\u00fcrlich auch im Wald schie\u00dfen und trainieren. Und da es zusammen mehr Spa\u00df macht, kann man sich ja verabreden. Nutzt alle Hilfmittel, die es gibt: Telefon, Whatsapp, Brieftauben, SMS, Email, pers\u00f6nliche Kontakte, kosmische Strahlung, ein Kommentar &hellip; <a href=\"https:\/\/very-usefull-things.de\/?p=1440\" class=\"more-link\"><span class=\"screen-reader-text\">\u201eTraining Samstag 07.07.2018 &#8211; und dann Sommerferien\u201c<\/span> weiterlesen<\/a><\/p>\n","protected":false},"author":2,"featured_media":0,"comment_status":"open","ping_status":"closed","sticky":false,"template":"","format":"standard","meta":[],"categories":[5],"tags":[],"_links":{"self":[{"href":"https:\/\/very-usefull-things.de\/index.php?rest_route=\/wp\/v2\/posts\/1440"}],"collection":[{"href":"https:\/\/very-usefull-things.de\/index.php?rest_route=\/wp\/v2\/posts"}],"about":[{"href":"https:\/\/very-usefull-things.de\/index.php?rest_route=\/wp\/v2\/types\/post"}],"author":[{"embeddable":true,"href":"https:\/\/very-usefull-things.de\/index.php?rest_route=\/wp\/v2\/users\/2"}],"replies":[{"embeddable":true,"href":"https:\/\/very-usefull-things.de\/index.php?rest_route=%2Fwp%2Fv2%2Fcomments&post=1440"}],"version-history":[{"count":1,"href":"https:\/\/very-usefull-things.de\/index.php?rest_route=\/wp\/v2\/posts\/1440\/revisions"}],"predecessor-version":[{"id":1441,"href":"https:\/\/very-usefull-things.de\/index.php?rest_route=\/wp\/v2\/posts\/1440\/revisions\/1441"}],"wp:attachment":[{"href":"https:\/\/very-usefull-things.de\/index.php?rest_route=%2Fwp%2Fv2%2Fmedia&parent=1440"}],"wp:term":[{"taxonomy":"category","embeddable":true,"href":"https:\/\/very-usefull-things.de\/index.php?rest_route=%2Fwp%2Fv2%2Fcategories&post=1440"},{"taxonomy":"post_tag","embeddable":true,"href":"https:\/\/very-usefull-things.de\/index.php?rest_route=%2Fwp%2Fv2%2Ftags&post=1440"}],"curies":[{"name":"wp","href":"https:\/\/api.w.org\/{rel}","templated":true}]}}