{"id":1238,"date":"2017-05-15T21:21:00","date_gmt":"2017-05-15T19:21:00","guid":{"rendered":"http:\/\/very-usefull-things.de\/?p=1238"},"modified":"2017-05-15T21:21:00","modified_gmt":"2017-05-15T19:21:00","slug":"vereinsmeisterschaft-feld-am-samstag-den-20-5-2017","status":"publish","type":"post","link":"https:\/\/very-usefull-things.de\/?p=1238","title":{"rendered":"Vereinsmeisterschaft Feld am Samstag, den 20.5.2017"},"content":{"rendered":"<p>Am kommenden Samstag werden wird unsere Vereinsmeisterschaft Feldbogen (WA) austragen.<br \/>\nTreffen ca. um 12.00 Uhr,  Schie\u00dfbeginn ist um 13.00 Uhr. Es werden voraussichtlich 16 Sch\u00fctzen dabei sein, u.a. auch Sch\u00fctzen aus Rethwisch und aus Heikendorf.<br \/>\nOb um 15.00 Uhr noch betreutes Training stattfindet, ist noch nicht gekl\u00e4rt.<br \/>\nWer m\u00f6chte, kann gerne vorbeischauen und auf den Einschie\u00df-Scheiben \u00fcben oder sich auch nur um sich so eine Feldbogenrunde anzuschauen. Man lernt nie aus&#8230; <\/p>\n<p>Am darauf folgenden Sonntag wird dann auch die Kreismeisterschaft Feldbogen WA des Kreies Pl\u00f6n bei uns stattfinden. Auch hier kann man gerne zuschauen.<\/p>\n<p>Gru\u00df Holger<\/p>\n","protected":false},"excerpt":{"rendered":"<p>Am kommenden Samstag werden wird unsere Vereinsmeisterschaft Feldbogen (WA) austragen. Treffen ca. um 12.00 Uhr, Schie\u00dfbeginn ist um 13.00 Uhr. Es werden voraussichtlich 16 Sch\u00fctzen dabei sein, u.a. auch Sch\u00fctzen aus Rethwisch und aus Heikendorf. Ob um 15.00 Uhr noch betreutes Training stattfindet, ist noch nicht gekl\u00e4rt. Wer m\u00f6chte, kann gerne vorbeischauen und auf den &hellip; <a href=\"https:\/\/very-usefull-things.de\/?p=1238\" class=\"more-link\"><span class=\"screen-reader-text\">\u201eVereinsmeisterschaft Feld am Samstag, den 20.5.2017\u201c<\/span> weiterlesen<\/a><\/p>\n","protected":false},"author":2,"featured_media":0,"comment_status":"open","ping_status":"open","sticky":false,"template":"","format":"standard","meta":[],"categories":[5],"tags":[],"_links":{"self":[{"href":"https:\/\/very-usefull-things.de\/index.php?rest_route=\/wp\/v2\/posts\/1238"}],"collection":[{"href":"https:\/\/very-usefull-things.de\/index.php?rest_route=\/wp\/v2\/posts"}],"about":[{"href":"https:\/\/very-usefull-things.de\/index.php?rest_route=\/wp\/v2\/types\/post"}],"author":[{"embeddable":true,"href":"https:\/\/very-usefull-things.de\/index.php?rest_route=\/wp\/v2\/users\/2"}],"replies":[{"embeddable":true,"href":"https:\/\/very-usefull-things.de\/index.php?rest_route=%2Fwp%2Fv2%2Fcomments&post=1238"}],"version-history":[{"count":0,"href":"https:\/\/very-usefull-things.de\/index.php?rest_route=\/wp\/v2\/posts\/1238\/revisions"}],"wp:attachment":[{"href":"https:\/\/very-usefull-things.de\/index.php?rest_route=%2Fwp%2Fv2%2Fmedia&parent=1238"}],"wp:term":[{"taxonomy":"category","embeddable":true,"href":"https:\/\/very-usefull-things.de\/index.php?rest_route=%2Fwp%2Fv2%2Fcategories&post=1238"},{"taxonomy":"post_tag","embeddable":true,"href":"https:\/\/very-usefull-things.de\/index.php?rest_route=%2Fwp%2Fv2%2Ftags&post=1238"}],"curies":[{"name":"wp","href":"https:\/\/api.w.org\/{rel}","templated":true}]}}