{"id":1014,"date":"2015-07-14T22:59:15","date_gmt":"2015-07-14T20:59:15","guid":{"rendered":"http:\/\/very-usefull-things.de\/?p=1014"},"modified":"2015-07-14T22:59:15","modified_gmt":"2015-07-14T20:59:15","slug":"kein-betreutes-training-in-den-sommerferien-2015","status":"publish","type":"post","link":"https:\/\/very-usefull-things.de\/?p=1014","title":{"rendered":"Kein betreutes Training in den Sommerferien 2015"},"content":{"rendered":"<p>Am Mittwoch Abend (20.00 Uhr) findet das letzte Training vor den Sommerferien statt.  Die Ferien sind vom 20.7.2015 &#8211; 29.8.2015, d.h. das n\u00e4chste Training wird dann voraussichtlich am Mittwoch, den 2.9.2015 sein. Aber wir k\u00f6nnen ja zwischendurch im Wald weiter \u00fcben&#8230;<br \/>\nIch denke, dass wir uns bis dahin auch Samstag Nachmittag im Wald treffen werden, oder uns zu einem andern Termin verabreden (telefonisch oder als Kommentar zu diesem Beitrag).<br \/>\nAnsonsten w\u00fcnsche ich allen sch\u00f6ne Ferien (und Willm &#8222;Alle ins Gold&#8220;),<br \/>\nHolger<\/p>\n","protected":false},"excerpt":{"rendered":"<p>Am Mittwoch Abend (20.00 Uhr) findet das letzte Training vor den Sommerferien statt. Die Ferien sind vom 20.7.2015 &#8211; 29.8.2015, d.h. das n\u00e4chste Training wird dann voraussichtlich am Mittwoch, den 2.9.2015 sein. Aber wir k\u00f6nnen ja zwischendurch im Wald weiter \u00fcben&#8230; Ich denke, dass wir uns bis dahin auch Samstag Nachmittag im Wald treffen werden, &hellip; <a href=\"https:\/\/very-usefull-things.de\/?p=1014\" class=\"more-link\"><span class=\"screen-reader-text\">\u201eKein betreutes Training in den Sommerferien 2015\u201c<\/span> weiterlesen<\/a><\/p>\n","protected":false},"author":2,"featured_media":0,"comment_status":"open","ping_status":"open","sticky":false,"template":"","format":"standard","meta":[],"categories":[5],"tags":[],"_links":{"self":[{"href":"https:\/\/very-usefull-things.de\/index.php?rest_route=\/wp\/v2\/posts\/1014"}],"collection":[{"href":"https:\/\/very-usefull-things.de\/index.php?rest_route=\/wp\/v2\/posts"}],"about":[{"href":"https:\/\/very-usefull-things.de\/index.php?rest_route=\/wp\/v2\/types\/post"}],"author":[{"embeddable":true,"href":"https:\/\/very-usefull-things.de\/index.php?rest_route=\/wp\/v2\/users\/2"}],"replies":[{"embeddable":true,"href":"https:\/\/very-usefull-things.de\/index.php?rest_route=%2Fwp%2Fv2%2Fcomments&post=1014"}],"version-history":[{"count":0,"href":"https:\/\/very-usefull-things.de\/index.php?rest_route=\/wp\/v2\/posts\/1014\/revisions"}],"wp:attachment":[{"href":"https:\/\/very-usefull-things.de\/index.php?rest_route=%2Fwp%2Fv2%2Fmedia&parent=1014"}],"wp:term":[{"taxonomy":"category","embeddable":true,"href":"https:\/\/very-usefull-things.de\/index.php?rest_route=%2Fwp%2Fv2%2Fcategories&post=1014"},{"taxonomy":"post_tag","embeddable":true,"href":"https:\/\/very-usefull-things.de\/index.php?rest_route=%2Fwp%2Fv2%2Ftags&post=1014"}],"curies":[{"name":"wp","href":"https:\/\/api.w.org\/{rel}","templated":true}]}}